{"id":1316,"date":"2019-05-05T19:08:33","date_gmt":"2019-05-05T17:08:33","guid":{"rendered":"https:\/\/www.boeltronic.com\/?p=1316"},"modified":"2024-01-03T10:27:26","modified_gmt":"2024-01-03T09:27:26","slug":"servicio-de-cableado-a-medida","status":"publish","type":"post","link":"https:\/\/www.boeltronic.com\/en\/servicio-de-cableado-a-medida\/","title":{"rendered":"Servicio de cableado a medida"},"content":{"rendered":"\n<p>Nos es grato informarles de que ampliamos nuestra capacidad para ofrecerles servicio de cableado a medida, con la inserci\u00f3n de los terminales espec\u00edficos.\u00a0 <\/p>\n","protected":false},"excerpt":{"rendered":"<p>Nos es grato informarles de que ampliamos nuestra capacidad para ofrecerles servicio de cableado a medida, con la inserci\u00f3n de los terminales espec\u00edficos.\u00a0<\/p>\n","protected":false},"author":3,"featured_media":8083,"comment_status":"closed","ping_status":"closed","sticky":false,"template":"","format":"standard","meta":{"_uag_custom_page_level_css":"","_kad_blocks_custom_css":"","_kad_blocks_head_custom_js":"","_kad_blocks_body_custom_js":"","_kad_blocks_footer_custom_js":"","_kad_post_transparent":"disable","_kad_post_title":"","_kad_post_layout":"","_kad_post_sidebar_id":"","_kad_post_content_style":"","_kad_post_vertical_padding":"","_kad_post_feature":"","_kad_post_feature_position":"","_kad_post_header":false,"_kad_post_footer":false,"footnotes":""},"categories":[5],"tags":[15,16,17],"class_list":["post-1316","post","type-post","status-publish","format-standard","has-post-thumbnail","hentry","category-blog","tag-cableado-a-medida","tag-corte-de-cable-a-medida","tag-insercion-de-terminales"],"yoast_head":"<!-- This site is optimized with the Yoast SEO plugin v27.2 - https:\/\/yoast.com\/product\/yoast-seo-wordpress\/ -->\n<title>Servicio de cableado a medida - Boeltronic<\/title>\n<meta name=\"robots\" content=\"index, follow, max-snippet:-1, max-image-preview:large, max-video-preview:-1\" \/>\n<link rel=\"canonical\" href=\"https:\/\/www.boeltronic.com\/en\/servicio-de-cableado-a-medida\/\" \/>\n<meta property=\"og:locale\" content=\"en_US\" \/>\n<meta property=\"og:type\" content=\"article\" \/>\n<meta property=\"og:title\" content=\"Servicio de cableado a medida - Boeltronic\" \/>\n<meta property=\"og:description\" content=\"Nos es grato informarles de que ampliamos nuestra capacidad para ofrecerles servicio de cableado a medida, con la inserci\u00f3n de los terminales espec\u00edficos.\u00a0\" \/>\n<meta property=\"og:url\" content=\"https:\/\/www.boeltronic.com\/en\/servicio-de-cableado-a-medida\/\" \/>\n<meta property=\"og:site_name\" content=\"Boeltronic\" \/>\n<meta property=\"article:published_time\" content=\"2019-05-05T17:08:33+00:00\" \/>\n<meta property=\"article:modified_time\" content=\"2024-01-03T09:27:26+00:00\" \/>\n<meta property=\"og:image\" content=\"https:\/\/www.boeltronic.com\/wp-content\/uploads\/2024\/01\/MAQUINAS_CABLEADO_Y_CRIMPADO_DE_TERMINALES_BOELTRONIC-400x250-1.jpg\" \/>\n\t<meta property=\"og:image:width\" content=\"400\" \/>\n\t<meta property=\"og:image:height\" content=\"250\" \/>\n\t<meta property=\"og:image:type\" content=\"image\/jpeg\" \/>\n<meta name=\"author\" content=\"Juan Carlos del Olmo\" \/>\n<meta name=\"twitter:card\" content=\"summary_large_image\" \/>\n<meta name=\"twitter:label1\" content=\"Written by\" \/>\n\t<meta name=\"twitter:data1\" content=\"Juan Carlos del Olmo\" \/>\n<script type=\"application\/ld+json\" class=\"yoast-schema-graph\">{\"@context\":\"https:\/\/schema.org\",\"@graph\":[{\"@type\":\"Article\",\"@id\":\"https:\/\/www.boeltronic.com\/en\/servicio-de-cableado-a-medida\/#article\",\"isPartOf\":{\"@id\":\"https:\/\/www.boeltronic.com\/en\/servicio-de-cableado-a-medida\/\"},\"author\":{\"name\":\"Juan Carlos del Olmo\",\"@id\":\"https:\/\/www.boeltronic.com\/en\/#\/schema\/person\/0d788599d96c20ceeb2dc75161f643e4\"},\"headline\":\"Servicio de cableado a medida\",\"datePublished\":\"2019-05-05T17:08:33+00:00\",\"dateModified\":\"2024-01-03T09:27:26+00:00\",\"mainEntityOfPage\":{\"@id\":\"https:\/\/www.boeltronic.com\/en\/servicio-de-cableado-a-medida\/\"},\"wordCount\":30,\"publisher\":{\"@id\":\"https:\/\/www.boeltronic.com\/en\/#organization\"},\"image\":{\"@id\":\"https:\/\/www.boeltronic.com\/en\/servicio-de-cableado-a-medida\/#primaryimage\"},\"thumbnailUrl\":\"https:\/\/www.boeltronic.com\/wp-content\/uploads\/2024\/01\/MAQUINAS_CABLEADO_Y_CRIMPADO_DE_TERMINALES_BOELTRONIC-400x250-1.jpg\",\"keywords\":[\"cableado a medida\",\"corte de cable a medida\",\"inserci\u00f3n de terminales\"],\"articleSection\":[\"blog\"],\"inLanguage\":\"en-US\"},{\"@type\":\"WebPage\",\"@id\":\"https:\/\/www.boeltronic.com\/en\/servicio-de-cableado-a-medida\/\",\"url\":\"https:\/\/www.boeltronic.com\/en\/servicio-de-cableado-a-medida\/\",\"name\":\"Servicio de cableado a medida - Boeltronic\",\"isPartOf\":{\"@id\":\"https:\/\/www.boeltronic.com\/en\/#website\"},\"primaryImageOfPage\":{\"@id\":\"https:\/\/www.boeltronic.com\/en\/servicio-de-cableado-a-medida\/#primaryimage\"},\"image\":{\"@id\":\"https:\/\/www.boeltronic.com\/en\/servicio-de-cableado-a-medida\/#primaryimage\"},\"thumbnailUrl\":\"https:\/\/www.boeltronic.com\/wp-content\/uploads\/2024\/01\/MAQUINAS_CABLEADO_Y_CRIMPADO_DE_TERMINALES_BOELTRONIC-400x250-1.jpg\",\"datePublished\":\"2019-05-05T17:08:33+00:00\",\"dateModified\":\"2024-01-03T09:27:26+00:00\",\"breadcrumb\":{\"@id\":\"https:\/\/www.boeltronic.com\/en\/servicio-de-cableado-a-medida\/#breadcrumb\"},\"inLanguage\":\"en-US\",\"potentialAction\":[{\"@type\":\"ReadAction\",\"target\":[\"https:\/\/www.boeltronic.com\/en\/servicio-de-cableado-a-medida\/\"]}]},{\"@type\":\"ImageObject\",\"inLanguage\":\"en-US\",\"@id\":\"https:\/\/www.boeltronic.com\/en\/servicio-de-cableado-a-medida\/#primaryimage\",\"url\":\"https:\/\/www.boeltronic.com\/wp-content\/uploads\/2024\/01\/MAQUINAS_CABLEADO_Y_CRIMPADO_DE_TERMINALES_BOELTRONIC-400x250-1.jpg\",\"contentUrl\":\"https:\/\/www.boeltronic.com\/wp-content\/uploads\/2024\/01\/MAQUINAS_CABLEADO_Y_CRIMPADO_DE_TERMINALES_BOELTRONIC-400x250-1.jpg\",\"width\":400,\"height\":250},{\"@type\":\"BreadcrumbList\",\"@id\":\"https:\/\/www.boeltronic.com\/en\/servicio-de-cableado-a-medida\/#breadcrumb\",\"itemListElement\":[{\"@type\":\"ListItem\",\"position\":1,\"name\":\"Portada\",\"item\":\"https:\/\/www.boeltronic.com\/en\/\"},{\"@type\":\"ListItem\",\"position\":2,\"name\":\"Servicio de cableado a medida\"}]},{\"@type\":\"WebSite\",\"@id\":\"https:\/\/www.boeltronic.com\/en\/#website\",\"url\":\"https:\/\/www.boeltronic.com\/en\/\",\"name\":\"Boeltronic Soluciones electr\u00f3nicas para iluminaci\u00f3n\",\"description\":\"Soluciones electr\u00f3nicas para iluminaci\u00f3n\",\"publisher\":{\"@id\":\"https:\/\/www.boeltronic.com\/en\/#organization\"},\"potentialAction\":[{\"@type\":\"SearchAction\",\"target\":{\"@type\":\"EntryPoint\",\"urlTemplate\":\"https:\/\/www.boeltronic.com\/en\/?s={search_term_string}\"},\"query-input\":{\"@type\":\"PropertyValueSpecification\",\"valueRequired\":true,\"valueName\":\"search_term_string\"}}],\"inLanguage\":\"en-US\"},{\"@type\":\"Organization\",\"@id\":\"https:\/\/www.boeltronic.com\/en\/#organization\",\"name\":\"Boeltronic\",\"url\":\"https:\/\/www.boeltronic.com\/en\/\",\"logo\":{\"@type\":\"ImageObject\",\"inLanguage\":\"en-US\",\"@id\":\"https:\/\/www.boeltronic.com\/en\/#\/schema\/logo\/image\/\",\"url\":\"https:\/\/www.boeltronic.com\/wp-content\/uploads\/2023\/11\/cropped-boel-tronic-logo-03.png\",\"contentUrl\":\"https:\/\/www.boeltronic.com\/wp-content\/uploads\/2023\/11\/cropped-boel-tronic-logo-03.png\",\"width\":583,\"height\":173,\"caption\":\"Boeltronic\"},\"image\":{\"@id\":\"https:\/\/www.boeltronic.com\/en\/#\/schema\/logo\/image\/\"}},{\"@type\":\"Person\",\"@id\":\"https:\/\/www.boeltronic.com\/en\/#\/schema\/person\/0d788599d96c20ceeb2dc75161f643e4\",\"name\":\"Juan Carlos del Olmo\",\"url\":\"https:\/\/www.boeltronic.com\/en\/author\/jcdelolmo\/\"}]}<\/script>\n<!-- \/ Yoast SEO plugin. -->","yoast_head_json":{"title":"Servicio de cableado a medida - Boeltronic","robots":{"index":"index","follow":"follow","max-snippet":"max-snippet:-1","max-image-preview":"max-image-preview:large","max-video-preview":"max-video-preview:-1"},"canonical":"https:\/\/www.boeltronic.com\/en\/servicio-de-cableado-a-medida\/","og_locale":"en_US","og_type":"article","og_title":"Servicio de cableado a medida - Boeltronic","og_description":"Nos es grato informarles de que ampliamos nuestra capacidad para ofrecerles servicio de cableado a medida, con la inserci\u00f3n de los terminales espec\u00edficos.\u00a0","og_url":"https:\/\/www.boeltronic.com\/en\/servicio-de-cableado-a-medida\/","og_site_name":"Boeltronic","article_published_time":"2019-05-05T17:08:33+00:00","article_modified_time":"2024-01-03T09:27:26+00:00","og_image":[{"width":400,"height":250,"url":"https:\/\/www.boeltronic.com\/wp-content\/uploads\/2024\/01\/MAQUINAS_CABLEADO_Y_CRIMPADO_DE_TERMINALES_BOELTRONIC-400x250-1.jpg","type":"image\/jpeg"}],"author":"Juan Carlos del Olmo","twitter_card":"summary_large_image","twitter_misc":{"Written by":"Juan Carlos del Olmo"},"schema":{"@context":"https:\/\/schema.org","@graph":[{"@type":"Article","@id":"https:\/\/www.boeltronic.com\/en\/servicio-de-cableado-a-medida\/#article","isPartOf":{"@id":"https:\/\/www.boeltronic.com\/en\/servicio-de-cableado-a-medida\/"},"author":{"name":"Juan Carlos del Olmo","@id":"https:\/\/www.boeltronic.com\/en\/#\/schema\/person\/0d788599d96c20ceeb2dc75161f643e4"},"headline":"Servicio de cableado a medida","datePublished":"2019-05-05T17:08:33+00:00","dateModified":"2024-01-03T09:27:26+00:00","mainEntityOfPage":{"@id":"https:\/\/www.boeltronic.com\/en\/servicio-de-cableado-a-medida\/"},"wordCount":30,"publisher":{"@id":"https:\/\/www.boeltronic.com\/en\/#organization"},"image":{"@id":"https:\/\/www.boeltronic.com\/en\/servicio-de-cableado-a-medida\/#primaryimage"},"thumbnailUrl":"https:\/\/www.boeltronic.com\/wp-content\/uploads\/2024\/01\/MAQUINAS_CABLEADO_Y_CRIMPADO_DE_TERMINALES_BOELTRONIC-400x250-1.jpg","keywords":["cableado a medida","corte de cable a medida","inserci\u00f3n de terminales"],"articleSection":["blog"],"inLanguage":"en-US"},{"@type":"WebPage","@id":"https:\/\/www.boeltronic.com\/en\/servicio-de-cableado-a-medida\/","url":"https:\/\/www.boeltronic.com\/en\/servicio-de-cableado-a-medida\/","name":"Servicio de cableado a medida - Boeltronic","isPartOf":{"@id":"https:\/\/www.boeltronic.com\/en\/#website"},"primaryImageOfPage":{"@id":"https:\/\/www.boeltronic.com\/en\/servicio-de-cableado-a-medida\/#primaryimage"},"image":{"@id":"https:\/\/www.boeltronic.com\/en\/servicio-de-cableado-a-medida\/#primaryimage"},"thumbnailUrl":"https:\/\/www.boeltronic.com\/wp-content\/uploads\/2024\/01\/MAQUINAS_CABLEADO_Y_CRIMPADO_DE_TERMINALES_BOELTRONIC-400x250-1.jpg","datePublished":"2019-05-05T17:08:33+00:00","dateModified":"2024-01-03T09:27:26+00:00","breadcrumb":{"@id":"https:\/\/www.boeltronic.com\/en\/servicio-de-cableado-a-medida\/#breadcrumb"},"inLanguage":"en-US","potentialAction":[{"@type":"ReadAction","target":["https:\/\/www.boeltronic.com\/en\/servicio-de-cableado-a-medida\/"]}]},{"@type":"ImageObject","inLanguage":"en-US","@id":"https:\/\/www.boeltronic.com\/en\/servicio-de-cableado-a-medida\/#primaryimage","url":"https:\/\/www.boeltronic.com\/wp-content\/uploads\/2024\/01\/MAQUINAS_CABLEADO_Y_CRIMPADO_DE_TERMINALES_BOELTRONIC-400x250-1.jpg","contentUrl":"https:\/\/www.boeltronic.com\/wp-content\/uploads\/2024\/01\/MAQUINAS_CABLEADO_Y_CRIMPADO_DE_TERMINALES_BOELTRONIC-400x250-1.jpg","width":400,"height":250},{"@type":"BreadcrumbList","@id":"https:\/\/www.boeltronic.com\/en\/servicio-de-cableado-a-medida\/#breadcrumb","itemListElement":[{"@type":"ListItem","position":1,"name":"Portada","item":"https:\/\/www.boeltronic.com\/en\/"},{"@type":"ListItem","position":2,"name":"Servicio de cableado a medida"}]},{"@type":"WebSite","@id":"https:\/\/www.boeltronic.com\/en\/#website","url":"https:\/\/www.boeltronic.com\/en\/","name":"Boeltronic Soluciones electr\u00f3nicas para iluminaci\u00f3n","description":"Soluciones electr\u00f3nicas para iluminaci\u00f3n","publisher":{"@id":"https:\/\/www.boeltronic.com\/en\/#organization"},"potentialAction":[{"@type":"SearchAction","target":{"@type":"EntryPoint","urlTemplate":"https:\/\/www.boeltronic.com\/en\/?s={search_term_string}"},"query-input":{"@type":"PropertyValueSpecification","valueRequired":true,"valueName":"search_term_string"}}],"inLanguage":"en-US"},{"@type":"Organization","@id":"https:\/\/www.boeltronic.com\/en\/#organization","name":"Boeltronic","url":"https:\/\/www.boeltronic.com\/en\/","logo":{"@type":"ImageObject","inLanguage":"en-US","@id":"https:\/\/www.boeltronic.com\/en\/#\/schema\/logo\/image\/","url":"https:\/\/www.boeltronic.com\/wp-content\/uploads\/2023\/11\/cropped-boel-tronic-logo-03.png","contentUrl":"https:\/\/www.boeltronic.com\/wp-content\/uploads\/2023\/11\/cropped-boel-tronic-logo-03.png","width":583,"height":173,"caption":"Boeltronic"},"image":{"@id":"https:\/\/www.boeltronic.com\/en\/#\/schema\/logo\/image\/"}},{"@type":"Person","@id":"https:\/\/www.boeltronic.com\/en\/#\/schema\/person\/0d788599d96c20ceeb2dc75161f643e4","name":"Juan Carlos del Olmo","url":"https:\/\/www.boeltronic.com\/en\/author\/jcdelolmo\/"}]}},"taxonomy_info":{"category":[{"value":5,"label":"blog"}],"post_tag":[{"value":15,"label":"cableado a medida"},{"value":16,"label":"corte de cable a medida"},{"value":17,"label":"inserci\u00f3n de terminales"}]},"featured_image_src_large":["https:\/\/www.boeltronic.com\/wp-content\/uploads\/2024\/01\/MAQUINAS_CABLEADO_Y_CRIMPADO_DE_TERMINALES_BOELTRONIC-400x250-1.jpg",400,250,false],"author_info":{"display_name":"Juan Carlos del Olmo","author_link":"https:\/\/www.boeltronic.com\/en\/author\/jcdelolmo\/"},"comment_info":0,"category_info":[{"term_id":5,"name":"blog","slug":"blog","term_group":0,"term_taxonomy_id":5,"taxonomy":"category","description":"","parent":0,"count":16,"filter":"raw","cat_ID":5,"category_count":16,"category_description":"","cat_name":"blog","category_nicename":"blog","category_parent":0}],"tag_info":[{"term_id":15,"name":"cableado a medida","slug":"cableado-a-medida","term_group":0,"term_taxonomy_id":15,"taxonomy":"post_tag","description":"","parent":0,"count":1,"filter":"raw"},{"term_id":16,"name":"corte de cable a medida","slug":"corte-de-cable-a-medida","term_group":0,"term_taxonomy_id":16,"taxonomy":"post_tag","description":"","parent":0,"count":1,"filter":"raw"},{"term_id":17,"name":"inserci\u00f3n de terminales","slug":"insercion-de-terminales","term_group":0,"term_taxonomy_id":17,"taxonomy":"post_tag","description":"","parent":0,"count":1,"filter":"raw"}],"spectra_custom_meta":{"_alp_processed":["1685546891"],"_thumbnail_id":["8083"],"_edit_last":["3"],"_yoast_wpseo_primary_category":["20"],"_et_post_bg_color":["#ffffff"],"_et_post_bg_layout":["light"],"_et_pb_show_title":["on"],"_et_pb_post_hide_nav":["off"],"_et_pb_page_layout":["et_right_sidebar"],"_et_pb_side_nav":["off"],"_et_pb_use_builder":[""],"_at_widget":["1"],"_yoast_wpseo_content_score":["60"],"_et_dynamic_cached_shortcodes":["a:0:{}"],"_wpml_media_duplicate":["0"],"_et_dynamic_cached_attributes":["a:0:{}"],"_wpml_media_featured":["1"],"_edit_lock":["1705496184:1"],"_uag_custom_page_level_css":[""],"_kad_blocks_custom_css":[""],"_kad_blocks_head_custom_js":[""],"_kad_blocks_body_custom_js":[""],"_kad_blocks_footer_custom_js":[""],"_kad_post_transparent":["disable"],"_kad_post_title":[""],"_kad_post_layout":[""],"_kad_post_sidebar_id":[""],"_kad_post_content_style":[""],"_kad_post_vertical_padding":[""],"_kad_post_feature":[""],"_kad_post_feature_position":[""],"_kad_post_header":[""],"_kad_post_footer":[""],"footnotes":[""],"_uag_page_assets":["a:9:{s:3:\"css\";s:263:\".uag-blocks-common-selector{z-index:var(--z-index-desktop) !important}@media (max-width: 976px){.uag-blocks-common-selector{z-index:var(--z-index-tablet) !important}}@media (max-width: 767px){.uag-blocks-common-selector{z-index:var(--z-index-mobile) !important}}\n\";s:2:\"js\";s:0:\"\";s:18:\"current_block_list\";a:14:{i:0;s:14:\"core\/paragraph\";i:1;s:11:\"core\/search\";i:2;s:10:\"core\/group\";i:3;s:12:\"core\/heading\";i:4;s:17:\"core\/latest-posts\";i:5;s:20:\"core\/latest-comments\";i:6;s:13:\"core\/archives\";i:7;s:15:\"core\/categories\";i:8;s:14:\"kadence\/column\";i:9;s:13:\"kadence\/image\";i:11;s:23:\"kadence\/advancedheading\";i:12;s:12:\"kadence\/icon\";i:13;s:19:\"kadence\/single-icon\";i:14;s:17:\"kadence\/rowlayout\";}s:8:\"uag_flag\";b:0;s:11:\"uag_version\";s:10:\"1777503150\";s:6:\"gfonts\";a:0:{}s:10:\"gfonts_url\";s:0:\"\";s:12:\"gfonts_files\";a:0:{}s:14:\"uag_faq_layout\";b:0;}"],"_wpml_word_count":["{\"total\":34,\"to_translate\":{\"en\":34}}"],"_uag_css_file_name":["uag-css-1316.css"]},"uagb_featured_image_src":{"full":["https:\/\/www.boeltronic.com\/wp-content\/uploads\/2024\/01\/MAQUINAS_CABLEADO_Y_CRIMPADO_DE_TERMINALES_BOELTRONIC-400x250-1.jpg",400,250,false],"thumbnail":["https:\/\/www.boeltronic.com\/wp-content\/uploads\/2024\/01\/MAQUINAS_CABLEADO_Y_CRIMPADO_DE_TERMINALES_BOELTRONIC-400x250-1-150x150.jpg",150,150,true],"medium":["https:\/\/www.boeltronic.com\/wp-content\/uploads\/2024\/01\/MAQUINAS_CABLEADO_Y_CRIMPADO_DE_TERMINALES_BOELTRONIC-400x250-1-300x188.jpg",300,188,true],"medium_large":["https:\/\/www.boeltronic.com\/wp-content\/uploads\/2024\/01\/MAQUINAS_CABLEADO_Y_CRIMPADO_DE_TERMINALES_BOELTRONIC-400x250-1.jpg",400,250,false],"large":["https:\/\/www.boeltronic.com\/wp-content\/uploads\/2024\/01\/MAQUINAS_CABLEADO_Y_CRIMPADO_DE_TERMINALES_BOELTRONIC-400x250-1.jpg",400,250,false],"1536x1536":["https:\/\/www.boeltronic.com\/wp-content\/uploads\/2024\/01\/MAQUINAS_CABLEADO_Y_CRIMPADO_DE_TERMINALES_BOELTRONIC-400x250-1.jpg",400,250,false],"2048x2048":["https:\/\/www.boeltronic.com\/wp-content\/uploads\/2024\/01\/MAQUINAS_CABLEADO_Y_CRIMPADO_DE_TERMINALES_BOELTRONIC-400x250-1.jpg",400,250,false]},"uagb_author_info":{"display_name":"Juan Carlos del Olmo","author_link":"https:\/\/www.boeltronic.com\/en\/author\/jcdelolmo\/"},"uagb_comment_info":0,"uagb_excerpt":"Nos es grato informarles de que ampliamos nuestra capacidad para ofrecerles servicio de cableado a medida, con la inserci\u00f3n de los terminales espec\u00edficos.\u00a0","_links":{"self":[{"href":"https:\/\/www.boeltronic.com\/en\/wp-json\/wp\/v2\/posts\/1316","targetHints":{"allow":["GET"]}}],"collection":[{"href":"https:\/\/www.boeltronic.com\/en\/wp-json\/wp\/v2\/posts"}],"about":[{"href":"https:\/\/www.boeltronic.com\/en\/wp-json\/wp\/v2\/types\/post"}],"author":[{"embeddable":true,"href":"https:\/\/www.boeltronic.com\/en\/wp-json\/wp\/v2\/users\/3"}],"replies":[{"embeddable":true,"href":"https:\/\/www.boeltronic.com\/en\/wp-json\/wp\/v2\/comments?post=1316"}],"version-history":[{"count":0,"href":"https:\/\/www.boeltronic.com\/en\/wp-json\/wp\/v2\/posts\/1316\/revisions"}],"wp:featuredmedia":[{"embeddable":true,"href":"https:\/\/www.boeltronic.com\/en\/wp-json\/wp\/v2\/media\/8083"}],"wp:attachment":[{"href":"https:\/\/www.boeltronic.com\/en\/wp-json\/wp\/v2\/media?parent=1316"}],"wp:term":[{"taxonomy":"category","embeddable":true,"href":"https:\/\/www.boeltronic.com\/en\/wp-json\/wp\/v2\/categories?post=1316"},{"taxonomy":"post_tag","embeddable":true,"href":"https:\/\/www.boeltronic.com\/en\/wp-json\/wp\/v2\/tags?post=1316"}],"curies":[{"name":"wp","href":"https:\/\/api.w.org\/{rel}","templated":true}]}}